{"id":217,"__str__":"EMENDA PARLAMENTAR IMPOSITIVA n\u00ba 29 de 2023","link_detail_backend":"/materia/217","metadata":{},"numero":29,"ano":2023,"numero_protocolo":261,"data_apresentacao":"2023-12-05","tipo_apresentacao":"","data_publicacao":null,"numero_origem_externa":"","ano_origem_externa":null,"data_origem_externa":null,"apelido":"","dias_prazo":null,"data_fim_prazo":null,"em_tramitacao":true,"polemica":false,"objeto":"","complementar":false,"ementa":"Emenda Modificativa ao Projeto de Lei n\u00ba 29, de 27 de setembro de 2023, de autoria do Poder Executivo, que \u201cEstima a Receita e fixa a Despesa do Or\u00e7amento Anual do Munic\u00edpio de Cachoeira para o exerc\u00edcio financeiro de 2024 e determina outras provid\u00eancias\u201d, no qual passar\u00e1 a constar seguinte reda\u00e7\u00e3o:\r\nOR\u00c7AMENTO\r\nFISCAL\r\nCULTURA\r\n\u00d3RG\u00c3O\r\nCULTURA\r\nSECRETARIA\r\nCULTURA\r\nASSUNTO\r\nEquipamentos samba de roda\r\nCOMPLEMENTO\r\nAquisi\u00e7\u00e3o de equipamentos para forma\u00e7\u00e3o e fortalecimento do Samba de Roda na Comunidade da Opalma\r\nSamba de Roda comunidade da Opalma\r\nVALOR\r\n5.000,00\r\nPROJETO/A\u00c7\u00c3O ANULADO\r\nCULTURA\r\nPROJETO/ATIVIDADE\r\n13.392.010.2.035\r\nPROMO\u00c7\u00c3O DE FESTAS RELIGIOSAS, CULTURAIS, CIVICAS E TRADICIONAIS\r\nSECRETARIA\r\nPROVIS\u00c3O DE RECURSOS PARA EMENDA PARLAMENTAR\r\nVALOR\r\n5.000,00\r\nPROJETO/A\u00c7\u00c3O REFOR\u00c7ADO\r\nCULTURA\r\nPROJETO/ATIVIDADE PARLAMENTAR\r\n13.392.010.2.035\r\nPROMO\u00c7\u00c3O DE FESTAS RELIGIOSAS, CULTURAIS, CIVICAS E TRADICIONAIS\r\nSECRETARIA\r\nCULTURA\r\nVALOR\r\n5.000,00\r\nDISTRITO / POVOADO /\r\nLOCALIDADE\r\nAquisi\u00e7\u00e3o de equipamentos para forma\u00e7\u00e3o e fortalecimento do Samba de Roda na Comunidade da Opalma\r\nFONTE\r\nORDIN\u00c1RIA","indexacao":"","observacao":"","resultado":"","texto_original":"http://sapl.cachoeira.ba.leg.br/media/sapl/public/materialegislativa/2023/217/emenda_n29_laelson.pdf","data_ultima_atualizacao":"2023-12-13T16:12:07.542335-03:00","ip":"45.229.184.172","ultima_edicao":"2023-12-13T16:12:07.290832-03:00","tipo":11,"regime_tramitacao":2,"tipo_origem_externa":null,"local_origem_externa":null,"user":33,"anexadas":[],"autores":[1]}